{"id":68,"date":"2019-12-31T18:05:32","date_gmt":"2019-12-31T17:05:32","guid":{"rendered":"http:\/\/www.leoncedesaintmartin.fr\/?p=68"},"modified":"2019-12-31T18:05:32","modified_gmt":"2019-12-31T17:05:32","slug":"principaux-textes-parus-dans-les-bulletins-de-lassociation","status":"publish","type":"post","link":"https:\/\/www.leoncedesaintmartin.fr\/index.php\/2019\/12\/31\/principaux-textes-parus-dans-les-bulletins-de-lassociation\/","title":{"rendered":"Principaux textes parus dans les bulletins de l&rsquo;Association"},"content":{"rendered":"\n<p><em>Ces textes sont\ndisponibles sur simple demande.<\/em><\/p>\n\n\n\n<p><em>Entre parenth\u00e8ses la\ndate de parution et le nom du r\u00e9dacteur.<\/em><\/p>\n\n\n\n<p>Textes de L. de Saint-Martin<\/p>\n\n\n\n<p>Le temps de l\u2019Avent&nbsp; (de \u00ab&nbsp;L\u2019ann\u00e9e liturgique par le grand orgue&nbsp;\u00bb,\nnovembre 1965)<\/p>\n\n\n\n<p>L\u2019ann\u00e9e liturgique au grand orgue (de \u00ab&nbsp;L\u2019ann\u00e9e liturgique par le grand orgue&nbsp;\u00bb, mars 1966)<\/p>\n\n\n\n<p>Louis Vierne (juin 1976)<\/p>\n\n\n\n<p>Souvenirs, t\u00e9moignages<\/p>\n\n\n\n<p>Souvenirs&nbsp; (Am\u00e9d\u00e9e de Vallombrosa, mai 1965)<\/p>\n\n\n\n<p>L\u2019\u0153cum\u00e9nisme de L.de Saint-Martin&nbsp; (Pasteur\nGeorges Marchal, juillet 1965)<\/p>\n\n\n\n<p>L\u00e9once de Saint-Martin, successeur de P\u00e9rotin (Jos\u00e9 Bruyr, novembre 1965)<\/p>\n\n\n\n<p>Souvenirs&nbsp; (P\u00e8re Henri Latreille, cur\u00e9 de N.D.des Blancs-Manteaux,\nmars 1966)<\/p>\n\n\n\n<p>R\u00e9union \u0153cum\u00e9nique et musicale (P\u00e8re Henri Latreille, juillet 1968)<\/p>\n\n\n\n<p>Entretien avec Marcel Dupr\u00e9 (novembre 1966) <\/p>\n\n\n\n<p>L\u00e9once de Saint-Martin et l\u2019amiti\u00e9 ( Bertrand de Fraguier, membre fondateur de l\u2019association, avril 1967)<\/p>\n\n\n\n<p>T\u00e9moignage (Abb\u00e9 Ren\u00e9\nEstrabaut, organiste de l\u2019abbatiale Saint-Michel de Gaillac, novembre 1967)<\/p>\n\n\n\n<p>Acrostiche sur le nom de L\u00e9once de Saint-Martin (Georges Migot, novembre 1972)<\/p>\n\n\n\n<p>Articles sur L.de Saint-Martin <\/p>\n\n\n\n<p>L\u00e9once de Saint-Martin (Georges\nMigot, avril 1967 et repris dans le n\u00b0 18-19)<\/p>\n\n\n\n<p>Le r\u00e9pertoire de L.de Saint-Martin \u00e0 Notre-Dame (Jean Gu\u00e9rard, nov. 1967, juillet 1968 et avril 1969)<\/p>\n\n\n\n<p>L\u2019\u0153uvre d\u2019orgue de L.de Saint-Martin dans la liturgie (Abb\u00e9 Ren\u00e9 Estrabaut, juin 1976) <\/p>\n\n\n\n<p>R\u00e9\u00e9dition du \u00ab&nbsp;Louis Vierne&nbsp;\u00bb de Bernard Gavoty (Jean Gu\u00e9rard et Pierre Baculard, novembre 1981) <\/p>\n\n\n\n<p>In Memoriam<\/p>\n\n\n\n<p>Pierre Joly, conservateur du mus\u00e9e de N.D. de Paris&nbsp; (E.Berrar,\narchipr\u00eatre, novembre 1972)<\/p>\n\n\n\n<p>Ren\u00e9 Livron, organiste de Notre-Dame de Gen\u00e8ve &nbsp;(novembre 1972)<\/p>\n\n\n\n<p>Guy Lambert (Jean Steinmetz,\nnovembre 1972)<\/p>\n\n\n\n<p>Georges Migot &nbsp;(juin 1976)<\/p>\n\n\n\n<p>Denise Chirat-Comtet (Chanoine\nGaston Roussel, juin 1978)<\/p>\n\n\n\n<p>Abb\u00e9 Ren\u00e9 Estrabaut&nbsp; (novembre 1981)<\/p>\n\n\n\n<p>Jos\u00e9 Bruyr (novembre 1981)<\/p>\n\n\n\n<p>Pasteur Georges Marchal (Jean\nGu\u00e9rard, janvier 1986)<\/p>\n\n\n\n<p>Jean-Jacques Gr\u00fcnenwald (Jean\nGu\u00e9rard, janvier 1986)<\/p>\n\n\n\n<p>Paul Perrot, membre fondateur de l\u2019association (P\u00e8re Denis Perrot, \u00e9glise Saint-Eustache de Paris, janvier\n1986)<\/p>\n\n\n\n<p>Andr\u00e9 Charlin (Pierre\nBaculard, janvier 1986)<\/p>\n\n\n\n<p>Pierre Cochereau (Fran\u00e7ois\nCarbou, janvier 1986)<\/p>\n\n\n\n<p>Chanoine Gaston Roussel (Jean\nGu\u00e9rard, septembre 1996)<\/p>\n\n\n\n<p>R.P.Martin (septembre 1996)<\/p>\n\n\n\n<p>P\u00e8re Henri Latreille (septembre\n1996)<\/p>\n\n\n\n<p>Yves Devernay (septembre 1996)<\/p>\n\n\n\n<p>Eug\u00e8ne Reuchsel (septembre\n1996)<\/p>\n\n\n\n<p>Divers<\/p>\n\n\n\n<p>Inauguration du grand orgue des Blancs-Manteaux (juillet 1968)<\/p>\n\n\n\n<p>Acoustique, orgue et cath\u00e9drales (Andr\u00e9 Charlin, avril 1969)<\/p>\n\n\n\n<p>Mes souvenirs avec Marcel Dupr\u00e9 (Claude\nMoreau, organiste.de la cath\u00e9drale de Senlis, novembre 1972)<\/p>\n\n\n\n<p>Quatre organistes \u00e0 Notre-Dame de Paris (Jean Gu\u00e9rard, janvier 1986)<\/p>\n\n\n\n<p>De l\u2019orgue et des technologies de pointe (Michel Estellet-Brun, octobre 1999)<\/p>\n","protected":false},"excerpt":{"rendered":"<p>Ces textes sont disponibles sur simple demande. Entre parenth\u00e8ses la date de parution et le nom du r\u00e9dacteur. Textes de L. de Saint-Martin Le temps de l\u2019Avent&nbsp; (de \u00ab&nbsp;L\u2019ann\u00e9e liturgique par le grand orgue&nbsp;\u00bb, novembre 1965) L\u2019ann\u00e9e liturgique au grand orgue (de \u00ab&nbsp;L\u2019ann\u00e9e liturgique par le grand orgue&nbsp;\u00bb, mars 1966) Louis Vierne (juin 1976) Souvenirs, &hellip; <\/p>\n<p><a class=\"more-link btn\" href=\"https:\/\/www.leoncedesaintmartin.fr\/index.php\/2019\/12\/31\/principaux-textes-parus-dans-les-bulletins-de-lassociation\/\">Lire la suite<\/a><\/p>\n","protected":false},"author":1,"featured_media":0,"comment_status":"open","ping_status":"open","sticky":false,"template":"","format":"standard","meta":{"footnotes":""},"categories":[5],"tags":[],"class_list":["post-68","post","type-post","status-publish","format-standard","hentry","category-lassociation","item-wrap"],"_links":{"self":[{"href":"https:\/\/www.leoncedesaintmartin.fr\/index.php\/wp-json\/wp\/v2\/posts\/68","targetHints":{"allow":["GET"]}}],"collection":[{"href":"https:\/\/www.leoncedesaintmartin.fr\/index.php\/wp-json\/wp\/v2\/posts"}],"about":[{"href":"https:\/\/www.leoncedesaintmartin.fr\/index.php\/wp-json\/wp\/v2\/types\/post"}],"author":[{"embeddable":true,"href":"https:\/\/www.leoncedesaintmartin.fr\/index.php\/wp-json\/wp\/v2\/users\/1"}],"replies":[{"embeddable":true,"href":"https:\/\/www.leoncedesaintmartin.fr\/index.php\/wp-json\/wp\/v2\/comments?post=68"}],"version-history":[{"count":1,"href":"https:\/\/www.leoncedesaintmartin.fr\/index.php\/wp-json\/wp\/v2\/posts\/68\/revisions"}],"predecessor-version":[{"id":69,"href":"https:\/\/www.leoncedesaintmartin.fr\/index.php\/wp-json\/wp\/v2\/posts\/68\/revisions\/69"}],"wp:attachment":[{"href":"https:\/\/www.leoncedesaintmartin.fr\/index.php\/wp-json\/wp\/v2\/media?parent=68"}],"wp:term":[{"taxonomy":"category","embeddable":true,"href":"https:\/\/www.leoncedesaintmartin.fr\/index.php\/wp-json\/wp\/v2\/categories?post=68"},{"taxonomy":"post_tag","embeddable":true,"href":"https:\/\/www.leoncedesaintmartin.fr\/index.php\/wp-json\/wp\/v2\/tags?post=68"}],"curies":[{"name":"wp","href":"https:\/\/api.w.org\/{rel}","templated":true}]}}