{"id":342,"date":"2022-12-21T10:26:26","date_gmt":"2022-12-21T09:26:26","guid":{"rendered":"https:\/\/www.leoncedesaintmartin.fr\/?p=342"},"modified":"2023-01-07T18:55:10","modified_gmt":"2023-01-07T17:55:10","slug":"deces-de-jean-guerard","status":"publish","type":"post","link":"https:\/\/www.leoncedesaintmartin.fr\/index.php\/2022\/12\/21\/deces-de-jean-guerard\/","title":{"rendered":"D\u00e9c\u00e8s de Jean Gu\u00e9rard"},"content":{"rendered":"\n<figure class=\"wp-block-image size-full\"><img loading=\"lazy\" decoding=\"async\" width=\"591\" height=\"919\" src=\"https:\/\/www.leoncedesaintmartin.fr\/wp-content\/uploads\/2023\/01\/IMG_98851.jpg\" alt=\"\" class=\"wp-image-347\" srcset=\"https:\/\/www.leoncedesaintmartin.fr\/wp-content\/uploads\/2023\/01\/IMG_98851.jpg 591w, https:\/\/www.leoncedesaintmartin.fr\/wp-content\/uploads\/2023\/01\/IMG_98851-193x300.jpg 193w\" sizes=\"auto, (max-width: 591px) 100vw, 591px\" \/><\/figure>\n\n\n\n<p>L&rsquo;association des amis de L\u00e9once de Saint-Martin  vient de perdre son pr\u00e9sident, Jean Gu\u00e9rard. Ses obs\u00e8ques seront c\u00e9l\u00e9br\u00e9es en l&rsquo;\u00e9glise Notre-Dame des Champs (91 bd du Montparnasse 75006 Paris), sa paroisse, le mercredi 28 d\u00e9cembre \u00e0 14h30.<\/p>\n\n\n\n<p>Jean Gu\u00e9rard, \u00e0 la suite de Pierre Baculard, a beaucoup \u0153uvr\u00e9 pour la transmission du patrimoine musical et culturel issu de L\u00e9once de Saint-Martin. Il \u00e9tait particuli\u00e8rement attach\u00e9 \u00e0 la publication de ses \u0153uvres.<\/p>\n\n\n\n<p>L&rsquo;association perd un pr\u00e9sident humble, d\u00e9vou\u00e9 et tr\u00e8s actif,  un homme tr\u00e8s d\u00e9licat, un grand croyant qui se pr\u00e9parait \u00e0 la rencontre avec son cr\u00e9ateur et sauveur.<\/p>\n\n\n\n<p>Elle adresse \u00e0 sa famille toutes ses condol\u00e9ances et l&rsquo;assure de sa pri\u00e8re pour Jean Gu\u00e9rard, dont elle poursuivra fid\u00e8lement le travail.<\/p>\n\n\n\n<figure class=\"wp-block-gallery has-nested-images columns-default is-cropped wp-block-gallery-1 is-layout-flex wp-block-gallery-is-layout-flex\"><\/figure>\n","protected":false},"excerpt":{"rendered":"<p>L&rsquo;association des amis de L\u00e9once de Saint-Martin vient de perdre son pr\u00e9sident, Jean Gu\u00e9rard. Ses obs\u00e8ques seront c\u00e9l\u00e9br\u00e9es en l&rsquo;\u00e9glise Notre-Dame des Champs (91 bd du Montparnasse 75006 Paris), sa paroisse, le mercredi 28 d\u00e9cembre \u00e0 14h30. Jean Gu\u00e9rard, \u00e0 la suite de Pierre Baculard, a beaucoup \u0153uvr\u00e9 pour la transmission du patrimoine musical et &hellip; <\/p>\n<p><a class=\"more-link btn\" href=\"https:\/\/www.leoncedesaintmartin.fr\/index.php\/2022\/12\/21\/deces-de-jean-guerard\/\">Lire la suite<\/a><\/p>\n","protected":false},"author":1,"featured_media":0,"comment_status":"open","ping_status":"open","sticky":false,"template":"","format":"standard","meta":{"footnotes":""},"categories":[5],"tags":[],"class_list":["post-342","post","type-post","status-publish","format-standard","hentry","category-lassociation","item-wrap"],"_links":{"self":[{"href":"https:\/\/www.leoncedesaintmartin.fr\/index.php\/wp-json\/wp\/v2\/posts\/342","targetHints":{"allow":["GET"]}}],"collection":[{"href":"https:\/\/www.leoncedesaintmartin.fr\/index.php\/wp-json\/wp\/v2\/posts"}],"about":[{"href":"https:\/\/www.leoncedesaintmartin.fr\/index.php\/wp-json\/wp\/v2\/types\/post"}],"author":[{"embeddable":true,"href":"https:\/\/www.leoncedesaintmartin.fr\/index.php\/wp-json\/wp\/v2\/users\/1"}],"replies":[{"embeddable":true,"href":"https:\/\/www.leoncedesaintmartin.fr\/index.php\/wp-json\/wp\/v2\/comments?post=342"}],"version-history":[{"count":3,"href":"https:\/\/www.leoncedesaintmartin.fr\/index.php\/wp-json\/wp\/v2\/posts\/342\/revisions"}],"predecessor-version":[{"id":348,"href":"https:\/\/www.leoncedesaintmartin.fr\/index.php\/wp-json\/wp\/v2\/posts\/342\/revisions\/348"}],"wp:attachment":[{"href":"https:\/\/www.leoncedesaintmartin.fr\/index.php\/wp-json\/wp\/v2\/media?parent=342"}],"wp:term":[{"taxonomy":"category","embeddable":true,"href":"https:\/\/www.leoncedesaintmartin.fr\/index.php\/wp-json\/wp\/v2\/categories?post=342"},{"taxonomy":"post_tag","embeddable":true,"href":"https:\/\/www.leoncedesaintmartin.fr\/index.php\/wp-json\/wp\/v2\/tags?post=342"}],"curies":[{"name":"wp","href":"https:\/\/api.w.org\/{rel}","templated":true}]}}