{"id":259,"date":"2020-11-24T15:47:52","date_gmt":"2020-11-24T14:47:52","guid":{"rendered":"http:\/\/www.leoncedesaintmartin.fr\/?p=259"},"modified":"2020-11-24T15:50:14","modified_gmt":"2020-11-24T14:50:14","slug":"stele-pour-un-artiste-defunt-op-20","status":"publish","type":"post","link":"https:\/\/www.leoncedesaintmartin.fr\/index.php\/2020\/11\/24\/stele-pour-un-artiste-defunt-op-20\/","title":{"rendered":"St\u00e8le pour un artiste d\u00e9funt, op.20"},"content":{"rendered":"\n<p>Mars-avril 1938<\/p>\n\n\n\n<div class=\"wp-block-image\"><figure class=\"alignleft size-large\"><img loading=\"lazy\" decoding=\"async\" width=\"276\" height=\"380\" src=\"https:\/\/www.leoncedesaintmartin.fr\/wp-content\/uploads\/2020\/11\/vierne1.jpg\" alt=\"\" class=\"wp-image-261\" srcset=\"https:\/\/www.leoncedesaintmartin.fr\/wp-content\/uploads\/2020\/11\/vierne1.jpg 276w, https:\/\/www.leoncedesaintmartin.fr\/wp-content\/uploads\/2020\/11\/vierne1-218x300.jpg 218w\" sizes=\"auto, (max-width: 276px) 100vw, 276px\" \/><\/figure><\/div>\n\n\n\n<p>Saint-Martin ne voulut pas laisser passer le mois de juin 1938 sans comm\u00e9morer le premier anniversaire de la mort de son ma\u00eetre dont il avait \u00e9t\u00e9 pendant tant d\u2019ann\u00e9es le suppl\u00e9ant. Sur les mains de son ma\u00eetre retir\u00e9es des claviers depuis le dernier accord de sa<em> St\u00e8le pour un enfant d\u00e9funt <\/em>le 2 juin 1937, il posait affectueusement les siennes.<\/p>\n\n\n\n<p>Deux versions de cette St\u00e8le existent&nbsp;: l\u2019une en fa# mineur&nbsp;; la seconde en fa mineur, deux fois plus d\u00e9velopp\u00e9e, qui para\u00eet avoir eu sa pr\u00e9f\u00e9rence.&nbsp;<\/p>\n\n\n\n<p>Une lente lamentation constitue le cellule g\u00e9n\u00e9ratrice des th\u00e8mes exprimant tour \u00e0 tour ou simultan\u00e9ment l\u2019\u00e2me troubl\u00e9e de Vierne, la peine du compositeur, son admiration du grand artiste. Apr\u00e8s un passage de pri\u00e8re et de paix, la conclusion rappelle les th\u00e8mes avec, au plus profond du p\u00e9dalier, le son lugubre d\u2019un glas. Tout s\u2019\u00e9loigne dans une s\u00e9r\u00e9nit\u00e9 d\u00e9sol\u00e9e.<\/p>\n\n\n\n<p><em>Sur cet instrument, dans le silence de mon c\u0153ur, je traduirai les lignes \u00e9crites \u00e0 la m\u00e9moire de Louis Vierne<\/em><sup> <\/sup>(Pierre Labric)<em>.<\/em><\/p>\n\n\n\n<iframe loading=\"lazy\" width=\"560\" height=\"315\" src=\"https:\/\/www.youtube.com\/embed\/fd9H7T2e6vU\" frameborder=\"0\" allow=\"accelerometer; autoplay; clipboard-write; encrypted-media; gyroscope; picture-in-picture\" allowfullscreen><\/iframe>\n","protected":false},"excerpt":{"rendered":"<p>Mars-avril 1938 Saint-Martin ne voulut pas laisser passer le mois de juin 1938 sans comm\u00e9morer le premier anniversaire de la mort de son ma\u00eetre dont il avait \u00e9t\u00e9 pendant tant d\u2019ann\u00e9es le suppl\u00e9ant. Sur les mains de son ma\u00eetre retir\u00e9es des claviers depuis le dernier accord de sa St\u00e8le pour un enfant d\u00e9funt le 2 &hellip; <\/p>\n<p><a class=\"more-link btn\" href=\"https:\/\/www.leoncedesaintmartin.fr\/index.php\/2020\/11\/24\/stele-pour-un-artiste-defunt-op-20\/\">Lire la suite<\/a><\/p>\n","protected":false},"author":1,"featured_media":0,"comment_status":"open","ping_status":"open","sticky":false,"template":"","format":"standard","meta":{"footnotes":""},"categories":[4],"tags":[],"class_list":["post-259","post","type-post","status-publish","format-standard","hentry","category-ses-oeuvres","item-wrap"],"_links":{"self":[{"href":"https:\/\/www.leoncedesaintmartin.fr\/index.php\/wp-json\/wp\/v2\/posts\/259","targetHints":{"allow":["GET"]}}],"collection":[{"href":"https:\/\/www.leoncedesaintmartin.fr\/index.php\/wp-json\/wp\/v2\/posts"}],"about":[{"href":"https:\/\/www.leoncedesaintmartin.fr\/index.php\/wp-json\/wp\/v2\/types\/post"}],"author":[{"embeddable":true,"href":"https:\/\/www.leoncedesaintmartin.fr\/index.php\/wp-json\/wp\/v2\/users\/1"}],"replies":[{"embeddable":true,"href":"https:\/\/www.leoncedesaintmartin.fr\/index.php\/wp-json\/wp\/v2\/comments?post=259"}],"version-history":[{"count":2,"href":"https:\/\/www.leoncedesaintmartin.fr\/index.php\/wp-json\/wp\/v2\/posts\/259\/revisions"}],"predecessor-version":[{"id":263,"href":"https:\/\/www.leoncedesaintmartin.fr\/index.php\/wp-json\/wp\/v2\/posts\/259\/revisions\/263"}],"wp:attachment":[{"href":"https:\/\/www.leoncedesaintmartin.fr\/index.php\/wp-json\/wp\/v2\/media?parent=259"}],"wp:term":[{"taxonomy":"category","embeddable":true,"href":"https:\/\/www.leoncedesaintmartin.fr\/index.php\/wp-json\/wp\/v2\/categories?post=259"},{"taxonomy":"post_tag","embeddable":true,"href":"https:\/\/www.leoncedesaintmartin.fr\/index.php\/wp-json\/wp\/v2\/tags?post=259"}],"curies":[{"name":"wp","href":"https:\/\/api.w.org\/{rel}","templated":true}]}}