{"id":157,"date":"2020-03-05T16:56:20","date_gmt":"2020-03-05T15:56:20","guid":{"rendered":"http:\/\/www.leoncedesaintmartin.fr\/?p=157"},"modified":"2020-03-05T17:30:08","modified_gmt":"2020-03-05T16:30:08","slug":"les-organistes-du-choeur","status":"publish","type":"post","link":"https:\/\/www.leoncedesaintmartin.fr\/index.php\/2020\/03\/05\/les-organistes-du-choeur\/","title":{"rendered":"Les organistes du Ch\u0153ur"},"content":{"rendered":"\n<p>Ils sont bien trop souvent\noubli\u00e9s, ces exemplaires serviteurs de la liturgie que sont le plus souvent les\norganistes de ch\u0153ur, plus particuli\u00e8rement \u00e0 Notre-Dame de Paris. La charge y est\naujourd\u2019hui, comme au grand orgue, partag\u00e9e entre plusieurs organistes. Il n\u2019en\n\u00e9tait pas ainsi du temps de Saint-Martin. L\u2019unique organiste devait \u00eatre\npr\u00e9sent chaque jour pour les offices et pour les r\u00e9p\u00e9titions de la Ma\u00eetrise. Le\ndimanche, il y avait le chant des heures et la grand-messe suivie l\u2019apr\u00e8s-midi par\nles v\u00eapres et les complies.<\/p>\n\n\n\n<div class=\"wp-block-image\"><figure class=\"alignleft is-resized\"><img loading=\"lazy\" decoding=\"async\" src=\"https:\/\/www.leoncedesaintmartin.fr\/wp-content\/uploads\/2020\/03\/Albert-Serre.jpg\" alt=\"Albert Serre\" class=\"wp-image-160\" width=\"191\" height=\"163\"\/><\/figure><\/div>\n\n\n\n<p><strong>Albert SERRE <\/strong>(1866-1940) avait seize ans lorsqu\u2019il commen\u00e7a \u00e0\nremplir cette mission. Il resta imperturbablement \u00e0 son poste pendant\ncinquante-huit ans, \u00ab&nbsp;poss\u00e9dant toutes les ficelles du m\u00e9tier&nbsp; et la riche mentalit\u00e9 d\u2019un artisan de jadis.\nA soixante-quinze ans, il avait conserv\u00e9 une foi pleine de fra\u00eecheur&nbsp;\u00bb,\n\u00e9crivit de lui le chanoine Gaston Roussel. &nbsp;Ancien \u00e9l\u00e8ve de la ma\u00eetrise de la cath\u00e9drale,\nil devait sa formation musicale \u00e0 Eug\u00e8ne Sergent, titulaire du grand orgue\npendant cinquante-trois ans de 1847 \u00e0 1900.<\/p>\n\n\n\n<p><strong>Ren\u00e9 BLIN, <\/strong>n\u00e9 en novembre 1884, form\u00e9 \u00e0 la Schola Cantorum, abandonna\ntr\u00e8s rapidement ses \u00e9tudes de droit pour se consacrer enti\u00e8rement \u00e0 la musique.\nMa\u00eetre de chapelle en 1904 de l\u2019\u00e9glise Saint-Andr\u00e9 \u00e0 Montreuil, il devint en\n1910 organiste et ma\u00eetre de chapelle de l\u2019\u00e9glise Sainte Elisabeth \u00e0 Paris, et\nle resta jusqu\u2019en 1939. Il devint en 1941 organiste du ch\u0153ur de Notre-Dame. Honor\u00e9\ndes insignes de chevalier de l\u2019ordre de Saint-Gr\u00e9goire le Grand, il rejoindra\nson village natal de Somsois dans la Marne en 1950 et y d\u00e9c\u00e8dera quelques mois\napr\u00e8s. Ren\u00e9 Blin a \u00e9crit des pi\u00e8ces pour orgue, en particulier une d\u00e9licate\n\u00ab&nbsp;Rosace, en violet dans la p\u00e9nombre du soir&nbsp;\u00bb d\u00e9di\u00e9e \u00e0 L.de\nSaint-Martin, une messe \u00e0 quatre voix mixtes et orgue, des pi\u00e8ces pour piano,\ndes m\u00e9lodies, ainsi que de d\u00e9licieuses harmonisations de no\u00ebls traditionnels\ntoujours chant\u00e9es \u00e0 No\u00ebl \u00e0 Notre-Dame. Saint-Martin lui d\u00e9dicacera en 1940 son\n\u00ab&nbsp;Choral-Pr\u00e9lude pour le temps de l\u2019Avent&nbsp;\u00bb.<\/p>\n\n\n\n<div class=\"wp-block-image\"><figure class=\"alignleft is-resized\"><img loading=\"lazy\" decoding=\"async\" src=\"https:\/\/www.leoncedesaintmartin.fr\/wp-content\/uploads\/2020\/03\/Jean-Dattas.jpg\" alt=\"Jean Dattas\" class=\"wp-image-163\" width=\"263\" height=\"150\" srcset=\"https:\/\/www.leoncedesaintmartin.fr\/wp-content\/uploads\/2020\/03\/Jean-Dattas.jpg 350w, https:\/\/www.leoncedesaintmartin.fr\/wp-content\/uploads\/2020\/03\/Jean-Dattas-300x171.jpg 300w\" sizes=\"auto, (max-width: 263px) 100vw, 263px\" \/><\/figure><\/div>\n\n\n\n<p><strong>Jean DATTAS <\/strong>(1919-1956), en 1945, jeune titulaire de l\u2019orgue de\nl\u2019\u00e9glise de Pantin, avait fait forte impression sur Saint-Martin et le chanoine\nMerret venus assister Pierre Moreau pour &nbsp;l\u2019inauguration de cet instrument restaur\u00e9 par\nPicaud et Perroux.Enfant de la\nma\u00eetrise de Notre-Dame de la Gare, il avait \u00e9tudi\u00e9 l\u2019orgue avec Pierre Moreau,\norganiste titulaire de cette \u00e9glise, et avec Marcel Dupr\u00e9 \u00e0 l\u2019Ecole Normale de\nMusique. La guerre venue, il avait quitt\u00e9 la France dans des conditions\ndifficiles pour rejoindre la France Libre en Angleterre, o\u00f9 il dirigea les\n\u00ab&nbsp;Petits Chanteurs de la Croix de Lorraine&nbsp;\u00bb. C\u2019est probablement l\u00e0\nqu\u2019il connut et \u00e9pousa sa femme. Rentr\u00e9 en France \u00e0 la fin de la guerre, il\nentra dans la classe de Simone Pl\u00e9-Caussade et obtint les premiers prix de\ncontrepoint et de fugue. Lorsqu\u2019il fallut trouver un organiste pour remplacer\nRen\u00e9 Blin, les musiciens de Notre-Dame se souvinrent de lui. Il fut aussit\u00f4t\ntitularis\u00e9, mais il d\u00e9missionna en 1954 et partit en Angleterre pour permettre\n\u00e0 sa femme de retrouver son pays natal. En 1956, il mourut l\u00e0-bas, mortellement\nbless\u00e9 par un v\u00e9hicule automobile.<\/p>\n\n\n\n<div class=\"wp-block-image\"><figure class=\"alignleft is-resized\"><img loading=\"lazy\" decoding=\"async\" src=\"https:\/\/www.leoncedesaintmartin.fr\/wp-content\/uploads\/2020\/03\/Michel-Chapuis.jpg\" alt=\"\" class=\"wp-image-161\" width=\"300\" height=\"206\" srcset=\"https:\/\/www.leoncedesaintmartin.fr\/wp-content\/uploads\/2020\/03\/Michel-Chapuis.jpg 400w, https:\/\/www.leoncedesaintmartin.fr\/wp-content\/uploads\/2020\/03\/Michel-Chapuis-300x206.jpg 300w\" sizes=\"auto, (max-width: 300px) 100vw, 300px\" \/><\/figure><\/div>\n\n\n\n<p><strong>Michel CHAPUIS<\/strong>, n\u00e9 en 1930 \u00e0 D\u00f4le, lui succ\u00e9da. D\u00e8s l\u2019\u00e2ge de seize\nans, \u00e9l\u00e8ve d\u2019Edouard Souberbielle et de Ren\u00e9 Malherbe \u00e0 l\u2019\u00e9cole C\u00e9sar Franck \u00e0\nParis, puis, \u00e0 l\u2019\u00e2ge de vingt ans, de Marcel Dupr\u00e9 au Conservatoire Sup\u00e9rieur\nde Paris. En 1951, arm\u00e9 de plusieurs premiers prix, il est &nbsp;titularis\u00e9 \u00e0 l\u2019orgue de Saint-Germain\nl\u2019Auxerrois. En 1954, il rejoint la tribune de Saint-Nicolas des Champs tout en\n\u00e9tant nomm\u00e9 organiste de ch\u0153ur de Notre-Dame o\u00f9, selon ses propres dires, il\napprend beaucoup. C\u2019est ainsi qu\u2019il connut Saint-Martin dans les derniers mois\nde sa vie. Cela lui suffit-il pour lui inspirer ce qu\u2019il \u00e9crira bien des ann\u00e9es\nplus tard&nbsp;: \u00ab&nbsp;C\u2019\u00e9tait une grande \u00e9poque pour l\u2019orgue fran\u00e7ais&nbsp;: Marcel\nDupr\u00e9 \u00e9tait titulaire \u00e0 Saint-Sulpice, L\u00e9once de Saint-Martin \u00e0 Notre-Dame,\nOlivier Messiaen \u00e0 la Trinit\u00e9&nbsp;\u00bb (revue Diapason, mars 1999). <\/p>\n","protected":false},"excerpt":{"rendered":"<p>Ils sont bien trop souvent oubli\u00e9s, ces exemplaires serviteurs de la liturgie que sont le plus souvent les organistes de ch\u0153ur, plus particuli\u00e8rement \u00e0 Notre-Dame de Paris. La charge y est aujourd\u2019hui, comme au grand orgue, partag\u00e9e entre plusieurs organistes. Il n\u2019en \u00e9tait pas ainsi du temps de Saint-Martin. L\u2019unique organiste devait \u00eatre pr\u00e9sent chaque &hellip; <\/p>\n<p><a class=\"more-link btn\" href=\"https:\/\/www.leoncedesaintmartin.fr\/index.php\/2020\/03\/05\/les-organistes-du-choeur\/\">Lire la suite<\/a><\/p>\n","protected":false},"author":1,"featured_media":0,"comment_status":"open","ping_status":"open","sticky":false,"template":"","format":"standard","meta":{"footnotes":""},"categories":[3],"tags":[],"class_list":["post-157","post","type-post","status-publish","format-standard","hentry","category-sa-vie","item-wrap"],"_links":{"self":[{"href":"https:\/\/www.leoncedesaintmartin.fr\/index.php\/wp-json\/wp\/v2\/posts\/157","targetHints":{"allow":["GET"]}}],"collection":[{"href":"https:\/\/www.leoncedesaintmartin.fr\/index.php\/wp-json\/wp\/v2\/posts"}],"about":[{"href":"https:\/\/www.leoncedesaintmartin.fr\/index.php\/wp-json\/wp\/v2\/types\/post"}],"author":[{"embeddable":true,"href":"https:\/\/www.leoncedesaintmartin.fr\/index.php\/wp-json\/wp\/v2\/users\/1"}],"replies":[{"embeddable":true,"href":"https:\/\/www.leoncedesaintmartin.fr\/index.php\/wp-json\/wp\/v2\/comments?post=157"}],"version-history":[{"count":3,"href":"https:\/\/www.leoncedesaintmartin.fr\/index.php\/wp-json\/wp\/v2\/posts\/157\/revisions"}],"predecessor-version":[{"id":164,"href":"https:\/\/www.leoncedesaintmartin.fr\/index.php\/wp-json\/wp\/v2\/posts\/157\/revisions\/164"}],"wp:attachment":[{"href":"https:\/\/www.leoncedesaintmartin.fr\/index.php\/wp-json\/wp\/v2\/media?parent=157"}],"wp:term":[{"taxonomy":"category","embeddable":true,"href":"https:\/\/www.leoncedesaintmartin.fr\/index.php\/wp-json\/wp\/v2\/categories?post=157"},{"taxonomy":"post_tag","embeddable":true,"href":"https:\/\/www.leoncedesaintmartin.fr\/index.php\/wp-json\/wp\/v2\/tags?post=157"}],"curies":[{"name":"wp","href":"https:\/\/api.w.org\/{rel}","templated":true}]}}